{"id":1078,"date":"2023-03-20T13:07:23","date_gmt":"2023-03-20T16:07:23","guid":{"rendered":"https:\/\/fundacioncompartir.org.ar\/?p=1078"},"modified":"2023-03-28T21:01:46","modified_gmt":"2023-03-29T00:01:46","slug":"mision-y-autogestion","status":"publish","type":"post","link":"https:\/\/fundacioncompartir.org.ar\/?p=1078","title":{"rendered":"Misi\u00f3n y Autogesti\u00f3n"},"content":{"rendered":"\n<p>\u00b7 Se procura y fomenta el trabajar y &nbsp;acompa\u00f1ar en esp\u00edritu y con medios proyectados desde y hacia la autogesti\u00f3n del verdadero bienestar &nbsp;del ser humano, desde su gestaci\u00f3n hasta su madures; a trav\u00e9s de todo aquello que constituye el mejoramiento espiritual, emocional, moral, cultural f\u00edsico y material del mismo y de la comunidad que lo contenga.<\/p>\n\n\n\n<p>\u00b7 Desarrollo de toda clase de talleres culturales y educativos, apuntando a la ense\u00f1anza, capacitaci\u00f3n, y a la inserci\u00f3n laboral; que previo a su implementaci\u00f3n, funcionamiento y otorgamiento de los t\u00edtulos oficiales o en curso con puntaje oficial, gestionara la previa autorizaci\u00f3n de la autoridad oficial competente; altruista, ben\u00e9fica, filantr\u00f3picas y de bien com\u00fan.<\/p>\n\n\n\n<p>\u00b7 Acompa\u00f1amiento e instauraci\u00f3n de micro-emprendimientos trabajando en equipo con otras ONG, instituciones y diversas identidades &nbsp;de apoyo en pos de la implementaci\u00f3n de los mismos.<\/p>\n\n\n\n<p>\u00b7 Instauraci\u00f3n de hogares sustitutos de contenci\u00f3n y comedores en zonas desfavorecidas en el \u00e1rea socio-econ\u00f3mica o de m\u00faltiples carencias.<\/p>\n\n\n\n<p>\u00b7 Acompa\u00f1amiento espiritual, psicol\u00f3gico y &nbsp;cl\u00ednico.<\/p>\n\n\n\n<p><a><\/a>\u00b7 Apoyo educativo para alumnos de Primario, Secundario, Terciario\/Universitario.<\/p>\n","protected":false},"excerpt":{"rendered":"<p>\u00b7 Se procura y fomenta el trabajar y &nbsp;acompa\u00f1ar en esp\u00edritu y con medios proyectados desde y hacia la autogesti\u00f3n del verdadero bienestar &nbsp;del ser humano, desde su gestaci\u00f3n hasta su madures; a trav\u00e9s de todo aquello que constituye el mejoramiento espiritual, emocional, moral, cultural f\u00edsico y material del mismo y de la comunidad que lo contenga. \u00b7 Desarrollo de&#8230;<\/p>\n","protected":false},"author":3,"featured_media":2165,"comment_status":"closed","ping_status":"open","sticky":false,"template":"","format":"standard","meta":{"footnotes":""},"categories":[3],"tags":[],"_links":{"self":[{"href":"https:\/\/fundacioncompartir.org.ar\/index.php?rest_route=\/wp\/v2\/posts\/1078"}],"collection":[{"href":"https:\/\/fundacioncompartir.org.ar\/index.php?rest_route=\/wp\/v2\/posts"}],"about":[{"href":"https:\/\/fundacioncompartir.org.ar\/index.php?rest_route=\/wp\/v2\/types\/post"}],"author":[{"embeddable":true,"href":"https:\/\/fundacioncompartir.org.ar\/index.php?rest_route=\/wp\/v2\/users\/3"}],"replies":[{"embeddable":true,"href":"https:\/\/fundacioncompartir.org.ar\/index.php?rest_route=%2Fwp%2Fv2%2Fcomments&post=1078"}],"version-history":[{"count":2,"href":"https:\/\/fundacioncompartir.org.ar\/index.php?rest_route=\/wp\/v2\/posts\/1078\/revisions"}],"predecessor-version":[{"id":1087,"href":"https:\/\/fundacioncompartir.org.ar\/index.php?rest_route=\/wp\/v2\/posts\/1078\/revisions\/1087"}],"wp:featuredmedia":[{"embeddable":true,"href":"https:\/\/fundacioncompartir.org.ar\/index.php?rest_route=\/wp\/v2\/media\/2165"}],"wp:attachment":[{"href":"https:\/\/fundacioncompartir.org.ar\/index.php?rest_route=%2Fwp%2Fv2%2Fmedia&parent=1078"}],"wp:term":[{"taxonomy":"category","embeddable":true,"href":"https:\/\/fundacioncompartir.org.ar\/index.php?rest_route=%2Fwp%2Fv2%2Fcategories&post=1078"},{"taxonomy":"post_tag","embeddable":true,"href":"https:\/\/fundacioncompartir.org.ar\/index.php?rest_route=%2Fwp%2Fv2%2Ftags&post=1078"}],"curies":[{"name":"wp","href":"https:\/\/api.w.org\/{rel}","templated":true}]}}